{"id":4868,"date":"2026-09-02T11:17:03","date_gmt":"2026-09-02T09:17:03","guid":{"rendered":"https:\/\/www.grimec.com\/?p=4868"},"modified":"2026-09-02T11:17:04","modified_gmt":"2026-09-02T09:17:04","slug":"recull-de-premsa-2-de-setembre-2026","status":"publish","type":"post","link":"https:\/\/www.grimec.com\/ca\/actualitat\/recull-de-premsa-2-de-setembre-2026\/","title":{"rendered":"Recull de premsa: 2 de setembre 2026"},"content":{"rendered":"\n<figure class=\"wp-block-table\"><table class=\"has-fixed-layout\"><tbody><tr><td><br><strong>Cinco D\u00edas<\/strong><br><a href=\"https:\/\/www.email-index-01.com\/click.php?L=RjlkNziZCA2wE5eHOOxM7Q&amp;J=mwE5dzDXW892WNQEmF6aQaOjAi4uZ8929XOz892Qgtye2MhSo&amp;C=omVCJx8luPeCAY6bdml763eA&amp;F=HKFRcCbcnmxmc4f43DJP5g\" target=\"_blank\" rel=\"noreferrer noopener\"><strong>Los bajitos de la clase<\/strong><\/a> Art\u00edculo de Antoni Ca\u00f1ete, presidente de Pimec. \u00a0 \u00a0 <br><strong>Cinco D\u00edas<\/strong><br><a href=\"https:\/\/www.email-index-01.com\/click.php?L=zpaCYx892jEmIJbFWvxE9nRA&amp;J=mwE5dzDXW892WNQEmF6aQaOjAi4uZ8929XOz892Qgtye2MhSo&amp;C=omVCJx8luPeCAY6bdml763eA&amp;F=HKFRcCbcnmxmc4f43DJP5g\" target=\"_blank\" rel=\"noreferrer noopener\"><strong>La inflaci\u00f3n en la eurozona se elev\u00f3 al 3,3% en agosto impulsada por la energ\u00eda<\/strong><\/a> Los costes energ\u00e9ticos escalaron un 14,3% interanual, seg\u00fan estima Eurostat. \u00a0 \u00a0 <br><strong>El Economista<\/strong><br><a href=\"https:\/\/www.email-index-01.com\/click.php?L=8xH892h5BcJ5X6rPva1anoFw&amp;J=mwE5dzDXW892WNQEmF6aQaOjAi4uZ8929XOz892Qgtye2MhSo&amp;C=omVCJx8luPeCAY6bdml763eA&amp;F=HKFRcCbcnmxmc4f43DJP5g\" target=\"_blank\" rel=\"noreferrer noopener\"><strong>La tasa de actividad de los j\u00f3venes se estanca en el nivel de la crisis de 2008<\/strong><\/a> Dicha variable acumula cerca de dos d\u00e9cadas situada en niveles inferiores a los 40 puntos. \u00a0 \u00a0 <br><strong>Cinco D\u00edas<\/strong><br><a href=\"https:\/\/www.email-index-01.com\/click.php?L=vi763uvFKumcbvuajHLhAUVQ&amp;J=mwE5dzDXW892WNQEmF6aQaOjAi4uZ8929XOz892Qgtye2MhSo&amp;C=omVCJx8luPeCAY6bdml763eA&amp;F=HKFRcCbcnmxmc4f43DJP5g\" target=\"_blank\" rel=\"noreferrer noopener\"><strong>La CNMC urge a las empresas a registrar sus alias<\/strong><\/a> La firmas lo hacen para evitar la interrupci\u00f3n de sus mensajes con marca. \u00a0 \u00a0 <br><strong>El Economista<\/strong><br><a href=\"https:\/\/www.email-index-01.com\/click.php?L=4IBYcGeW4Vs0kiyM5tMX9g&amp;J=mwE5dzDXW892WNQEmF6aQaOjAi4uZ8929XOz892Qgtye2MhSo&amp;C=omVCJx8luPeCAY6bdml763eA&amp;F=HKFRcCbcnmxmc4f43DJP5g\" target=\"_blank\" rel=\"noreferrer noopener\"><strong>El Gobierno limita a 36 millones las ayudas directas a empresas y trabajadores de Ceuta<\/strong><\/a> El paquete de medidas urgentes suma 309 millones y 118 se destinar\u00e1n a acogida. \u00a0 \u00a0 <br><strong>El Peri\u00f3dico<\/strong><br><a href=\"https:\/\/www.email-index-01.com\/click.php?L=6SqpUD8kBiBsQWXMncIzSA&amp;J=mwE5dzDXW892WNQEmF6aQaOjAi4uZ8929XOz892Qgtye2MhSo&amp;C=omVCJx8luPeCAY6bdml763eA&amp;F=HKFRcCbcnmxmc4f43DJP5g\" target=\"_blank\" rel=\"noreferrer noopener\"><strong>El 75% dels receptors d&#8217;ajudes per trobar feina no tornen a l&#8217;atur<\/strong><\/a> La majoria de beneficiaris del complement a l\u2019ocupaci\u00f3, que permet compaginar durant un temps part de l\u2019antiga prestaci\u00f3 contributiva amb el nou salari, nom\u00e9s el cobren durant dos o tres mesos. \u00a0 \u00a0 <br><strong>El Pa\u00eds<\/strong><br><a href=\"https:\/\/www.email-index-01.com\/click.php?L=Ber4XK0MPQxDU3mvYDHfOg&amp;J=mwE5dzDXW892WNQEmF6aQaOjAi4uZ8929XOz892Qgtye2MhSo&amp;C=omVCJx8luPeCAY6bdml763eA&amp;F=HKFRcCbcnmxmc4f43DJP5g\" target=\"_blank\" rel=\"noreferrer noopener\"><strong>El Gobierno env\u00eda al Congreso el Estatuto Marco de los sanitarios<\/strong><\/a> Decenas de m\u00e9dicos se manifestaban en mayo en Madrid contra el Estatuto Marco. \u00a0 \u00a0 <br><strong>El Peri\u00f3dico<\/strong><br><a href=\"https:\/\/www.email-index-01.com\/click.php?L=SPwo5DEpZVO0cxAZOMiF6A&amp;J=mwE5dzDXW892WNQEmF6aQaOjAi4uZ8929XOz892Qgtye2MhSo&amp;C=omVCJx8luPeCAY6bdml763eA&amp;F=HKFRcCbcnmxmc4f43DJP5g\" target=\"_blank\" rel=\"noreferrer noopener\"><strong>El Govern destina 309 milions i apuja les bonificacions laborals al 75%<\/strong><\/a> El Consell de Ministres tamb\u00e9 aprova un cr\u00e8dit de 63 milions per atendre els menors no acompanyats a la ciutat. \u00a0 \u00a0 <br><strong>El Pa\u00eds<\/strong><br><a href=\"https:\/\/www.email-index-01.com\/click.php?L=jc0jc05jpvhNRiDkZarfsA&amp;J=mwE5dzDXW892WNQEmF6aQaOjAi4uZ8929XOz892Qgtye2MhSo&amp;C=omVCJx8luPeCAY6bdml763eA&amp;F=HKFRcCbcnmxmc4f43DJP5g\" target=\"_blank\" rel=\"noreferrer noopener\"><strong>Illa viaja a Kiev para mostrar su apoyo a Ucrania<\/strong><\/a> Quiere mostrar su solidaridad con ese pa\u00eds y mostrar la disposici\u00f3n de Catalu\u00f1a en participar en la reconstrucci\u00f3n tras la devastaci\u00f3n dejada por la invasi\u00f3n rusa. \u00a0<\/td><\/tr><tr><td><\/td><\/tr><tr><td><strong>Europa Press<\/strong><br><a href=\"https:\/\/www.email-index-01.com\/click.php?L=48GTzODXdvIMCPANyS4763qQ&amp;J=mwE5dzDXW892WNQEmF6aQaOjAi4uZ8929XOz892Qgtye2MhSo&amp;C=omVCJx8luPeCAY6bdml763eA&amp;F=HKFRcCbcnmxmc4f43DJP5g\" target=\"_blank\" rel=\"noreferrer noopener\"><strong>Pimec y Telef\u00f3nica seguir\u00e1n colaborando para mejorar la competitividad de las pymes catalanas<\/strong><\/a><br>Lo har\u00e1n a trav\u00e9s del conocimiento y las oportunidades en el \u00e1mbito de la tecnolog\u00eda y la transformaci\u00f3n digital. &nbsp;<\/td><\/tr><\/tbody><\/table><\/figure>\n","protected":false},"excerpt":{"rendered":"<p>Cinco D\u00edasLos bajitos de la clase Art\u00edculo de Antoni Ca\u00f1ete, presidente de Pimec. \u00a0 \u00a0 Cinco D\u00edasLa inflaci\u00f3n en la eurozona se elev\u00f3 al 3,3% en agosto impulsada por la energ\u00eda Los costes energ\u00e9ticos escalaron un 14,3% interanual, seg\u00fan estima Eurostat. \u00a0 \u00a0 El EconomistaLa tasa de actividad de los j\u00f3venes se estanca en el [&hellip;]<\/p>\n","protected":false},"author":3,"featured_media":4848,"comment_status":"open","ping_status":"open","sticky":false,"template":"","format":"standard","meta":{"footnotes":""},"categories":[28],"tags":[],"class_list":["post-4868","post","type-post","status-publish","format-standard","has-post-thumbnail","hentry","category-actualitat"],"yoast_head":"<!-- This site is optimized with the Yoast SEO plugin v27.8 - https:\/\/yoast.com\/product\/yoast-seo-wordpress\/ -->\n<title>Recull de premsa: 2 de setembre 2026 - GRIMEC<\/title>\n<meta name=\"robots\" content=\"index, follow, max-snippet:-1, max-image-preview:large, max-video-preview:-1\" \/>\n<link rel=\"canonical\" href=\"https:\/\/www.grimec.com\/ca\/actualitat\/recull-de-premsa-2-de-setembre-2026\/\" \/>\n<meta property=\"og:locale\" content=\"ca_ES\" \/>\n<meta property=\"og:type\" content=\"article\" \/>\n<meta property=\"og:title\" content=\"Recull de premsa: 2 de setembre 2026 - GRIMEC\" \/>\n<meta property=\"og:description\" content=\"Cinco D\u00edasLos bajitos de la clase Art\u00edculo de Antoni Ca\u00f1ete, presidente de Pimec. \u00a0 \u00a0 Cinco D\u00edasLa inflaci\u00f3n en la eurozona se elev\u00f3 al 3,3% en agosto impulsada por la energ\u00eda Los costes energ\u00e9ticos escalaron un 14,3% interanual, seg\u00fan estima Eurostat. \u00a0 \u00a0 El EconomistaLa tasa de actividad de los j\u00f3venes se estanca en el [&hellip;]\" \/>\n<meta property=\"og:url\" content=\"https:\/\/www.grimec.com\/ca\/actualitat\/recull-de-premsa-2-de-setembre-2026\/\" \/>\n<meta property=\"og:site_name\" content=\"GRIMEC\" \/>\n<meta property=\"article:published_time\" content=\"2026-09-02T09:17:03+00:00\" \/>\n<meta property=\"article:modified_time\" content=\"2026-09-02T09:17:04+00:00\" \/>\n<meta property=\"og:image\" content=\"https:\/\/www.grimec.com\/wp-content\/uploads\/2026\/08\/grimec-1.jpg\" \/>\n\t<meta property=\"og:image:width\" content=\"350\" \/>\n\t<meta property=\"og:image:height\" content=\"233\" \/>\n\t<meta property=\"og:image:type\" content=\"image\/jpeg\" \/>\n<meta name=\"author\" content=\"LidiaGrimec\" \/>\n<meta name=\"twitter:card\" content=\"summary_large_image\" \/>\n<meta name=\"twitter:creator\" content=\"@admingrimec\" \/>\n<meta name=\"twitter:label1\" content=\"Escrit per\" \/>\n\t<meta name=\"twitter:data1\" content=\"LidiaGrimec\" \/>\n\t<meta name=\"twitter:label2\" content=\"Temps estimat de lectura\" \/>\n\t<meta name=\"twitter:data2\" content=\"2 minuts\" \/>\n<script type=\"application\/ld+json\" class=\"yoast-schema-graph\">{\"@context\":\"https:\\\/\\\/schema.org\",\"@graph\":[{\"@type\":\"Article\",\"@id\":\"https:\\\/\\\/www.grimec.com\\\/ca\\\/actualitat\\\/recull-de-premsa-2-de-setembre-2026\\\/#article\",\"isPartOf\":{\"@id\":\"https:\\\/\\\/www.grimec.com\\\/ca\\\/actualitat\\\/recull-de-premsa-2-de-setembre-2026\\\/\"},\"author\":{\"name\":\"LidiaGrimec\",\"@id\":\"https:\\\/\\\/www.grimec.com\\\/ca\\\/#\\\/schema\\\/person\\\/75cb90242e61622e0c5f2c35d0cb1568\"},\"headline\":\"Recull de premsa: 2 de setembre 2026\",\"datePublished\":\"2026-09-02T09:17:03+00:00\",\"dateModified\":\"2026-09-02T09:17:04+00:00\",\"mainEntityOfPage\":{\"@id\":\"https:\\\/\\\/www.grimec.com\\\/ca\\\/actualitat\\\/recull-de-premsa-2-de-setembre-2026\\\/\"},\"wordCount\":340,\"commentCount\":0,\"publisher\":{\"@id\":\"https:\\\/\\\/www.grimec.com\\\/ca\\\/#organization\"},\"image\":{\"@id\":\"https:\\\/\\\/www.grimec.com\\\/ca\\\/actualitat\\\/recull-de-premsa-2-de-setembre-2026\\\/#primaryimage\"},\"thumbnailUrl\":\"https:\\\/\\\/www.grimec.com\\\/wp-content\\\/uploads\\\/2026\\\/08\\\/grimec-1.jpg\",\"articleSection\":[\"Actualitat\"],\"inLanguage\":\"ca\",\"potentialAction\":[{\"@type\":\"CommentAction\",\"name\":\"Comment\",\"target\":[\"https:\\\/\\\/www.grimec.com\\\/ca\\\/actualitat\\\/recull-de-premsa-2-de-setembre-2026\\\/#respond\"]}]},{\"@type\":\"WebPage\",\"@id\":\"https:\\\/\\\/www.grimec.com\\\/ca\\\/actualitat\\\/recull-de-premsa-2-de-setembre-2026\\\/\",\"url\":\"https:\\\/\\\/www.grimec.com\\\/ca\\\/actualitat\\\/recull-de-premsa-2-de-setembre-2026\\\/\",\"name\":\"Recull de premsa: 2 de setembre 2026 - GRIMEC\",\"isPartOf\":{\"@id\":\"https:\\\/\\\/www.grimec.com\\\/ca\\\/#website\"},\"primaryImageOfPage\":{\"@id\":\"https:\\\/\\\/www.grimec.com\\\/ca\\\/actualitat\\\/recull-de-premsa-2-de-setembre-2026\\\/#primaryimage\"},\"image\":{\"@id\":\"https:\\\/\\\/www.grimec.com\\\/ca\\\/actualitat\\\/recull-de-premsa-2-de-setembre-2026\\\/#primaryimage\"},\"thumbnailUrl\":\"https:\\\/\\\/www.grimec.com\\\/wp-content\\\/uploads\\\/2026\\\/08\\\/grimec-1.jpg\",\"datePublished\":\"2026-09-02T09:17:03+00:00\",\"dateModified\":\"2026-09-02T09:17:04+00:00\",\"breadcrumb\":{\"@id\":\"https:\\\/\\\/www.grimec.com\\\/ca\\\/actualitat\\\/recull-de-premsa-2-de-setembre-2026\\\/#breadcrumb\"},\"inLanguage\":\"ca\",\"potentialAction\":[{\"@type\":\"ReadAction\",\"target\":[\"https:\\\/\\\/www.grimec.com\\\/ca\\\/actualitat\\\/recull-de-premsa-2-de-setembre-2026\\\/\"]}]},{\"@type\":\"ImageObject\",\"inLanguage\":\"ca\",\"@id\":\"https:\\\/\\\/www.grimec.com\\\/ca\\\/actualitat\\\/recull-de-premsa-2-de-setembre-2026\\\/#primaryimage\",\"url\":\"https:\\\/\\\/www.grimec.com\\\/wp-content\\\/uploads\\\/2026\\\/08\\\/grimec-1.jpg\",\"contentUrl\":\"https:\\\/\\\/www.grimec.com\\\/wp-content\\\/uploads\\\/2026\\\/08\\\/grimec-1.jpg\",\"width\":350,\"height\":233},{\"@type\":\"BreadcrumbList\",\"@id\":\"https:\\\/\\\/www.grimec.com\\\/ca\\\/actualitat\\\/recull-de-premsa-2-de-setembre-2026\\\/#breadcrumb\",\"itemListElement\":[{\"@type\":\"ListItem\",\"position\":1,\"name\":\"Inici\",\"item\":\"https:\\\/\\\/www.grimec.com\\\/ca\\\/\"},{\"@type\":\"ListItem\",\"position\":2,\"name\":\"Recull de premsa: 2 de setembre 2026\"}]},{\"@type\":\"WebSite\",\"@id\":\"https:\\\/\\\/www.grimec.com\\\/ca\\\/#website\",\"url\":\"https:\\\/\\\/www.grimec.com\\\/ca\\\/\",\"name\":\"GRIMEC\",\"description\":\"Gremio de instaladores y mantenedores de extintores y sistemas contra incendios de Catalu\u00f1a\",\"publisher\":{\"@id\":\"https:\\\/\\\/www.grimec.com\\\/ca\\\/#organization\"},\"potentialAction\":[{\"@type\":\"SearchAction\",\"target\":{\"@type\":\"EntryPoint\",\"urlTemplate\":\"https:\\\/\\\/www.grimec.com\\\/ca\\\/?s={search_term_string}\"},\"query-input\":{\"@type\":\"PropertyValueSpecification\",\"valueRequired\":true,\"valueName\":\"search_term_string\"}}],\"inLanguage\":\"ca\"},{\"@type\":\"Organization\",\"@id\":\"https:\\\/\\\/www.grimec.com\\\/ca\\\/#organization\",\"name\":\"Grimec\",\"url\":\"https:\\\/\\\/www.grimec.com\\\/ca\\\/\",\"logo\":{\"@type\":\"ImageObject\",\"inLanguage\":\"ca\",\"@id\":\"https:\\\/\\\/www.grimec.com\\\/ca\\\/#\\\/schema\\\/logo\\\/image\\\/\",\"url\":\"https:\\\/\\\/www.grimec.com\\\/wp-content\\\/uploads\\\/2026\\\/05\\\/logo-grimec.svg\",\"contentUrl\":\"https:\\\/\\\/www.grimec.com\\\/wp-content\\\/uploads\\\/2026\\\/05\\\/logo-grimec.svg\",\"width\":214,\"height\":71,\"caption\":\"Grimec\"},\"image\":{\"@id\":\"https:\\\/\\\/www.grimec.com\\\/ca\\\/#\\\/schema\\\/logo\\\/image\\\/\"}},{\"@type\":\"Person\",\"@id\":\"https:\\\/\\\/www.grimec.com\\\/ca\\\/#\\\/schema\\\/person\\\/75cb90242e61622e0c5f2c35d0cb1568\",\"name\":\"LidiaGrimec\",\"image\":{\"@type\":\"ImageObject\",\"inLanguage\":\"ca\",\"@id\":\"https:\\\/\\\/secure.gravatar.com\\\/avatar\\\/47d34d768b778863dff6c64aa1954d2ade40db0aa951193a5d783f6fa27aa5cb?s=96&d=mm&r=g\",\"url\":\"https:\\\/\\\/secure.gravatar.com\\\/avatar\\\/47d34d768b778863dff6c64aa1954d2ade40db0aa951193a5d783f6fa27aa5cb?s=96&d=mm&r=g\",\"contentUrl\":\"https:\\\/\\\/secure.gravatar.com\\\/avatar\\\/47d34d768b778863dff6c64aa1954d2ade40db0aa951193a5d783f6fa27aa5cb?s=96&d=mm&r=g\",\"caption\":\"LidiaGrimec\"},\"sameAs\":[\"https:\\\/\\\/x.com\\\/admingrimec\"]}]}<\/script>\n<!-- \/ Yoast SEO plugin. -->","yoast_head_json":{"title":"Recull de premsa: 2 de setembre 2026 - GRIMEC","robots":{"index":"index","follow":"follow","max-snippet":"max-snippet:-1","max-image-preview":"max-image-preview:large","max-video-preview":"max-video-preview:-1"},"canonical":"https:\/\/www.grimec.com\/ca\/actualitat\/recull-de-premsa-2-de-setembre-2026\/","og_locale":"ca_ES","og_type":"article","og_title":"Recull de premsa: 2 de setembre 2026 - GRIMEC","og_description":"Cinco D\u00edasLos bajitos de la clase Art\u00edculo de Antoni Ca\u00f1ete, presidente de Pimec. \u00a0 \u00a0 Cinco D\u00edasLa inflaci\u00f3n en la eurozona se elev\u00f3 al 3,3% en agosto impulsada por la energ\u00eda Los costes energ\u00e9ticos escalaron un 14,3% interanual, seg\u00fan estima Eurostat. \u00a0 \u00a0 El EconomistaLa tasa de actividad de los j\u00f3venes se estanca en el [&hellip;]","og_url":"https:\/\/www.grimec.com\/ca\/actualitat\/recull-de-premsa-2-de-setembre-2026\/","og_site_name":"GRIMEC","article_published_time":"2026-09-02T09:17:03+00:00","article_modified_time":"2026-09-02T09:17:04+00:00","og_image":[{"width":350,"height":233,"url":"https:\/\/www.grimec.com\/wp-content\/uploads\/2026\/08\/grimec-1.jpg","type":"image\/jpeg"}],"author":"LidiaGrimec","twitter_card":"summary_large_image","twitter_creator":"@admingrimec","twitter_misc":{"Escrit per":"LidiaGrimec","Temps estimat de lectura":"2 minuts"},"schema":{"@context":"https:\/\/schema.org","@graph":[{"@type":"Article","@id":"https:\/\/www.grimec.com\/ca\/actualitat\/recull-de-premsa-2-de-setembre-2026\/#article","isPartOf":{"@id":"https:\/\/www.grimec.com\/ca\/actualitat\/recull-de-premsa-2-de-setembre-2026\/"},"author":{"name":"LidiaGrimec","@id":"https:\/\/www.grimec.com\/ca\/#\/schema\/person\/75cb90242e61622e0c5f2c35d0cb1568"},"headline":"Recull de premsa: 2 de setembre 2026","datePublished":"2026-09-02T09:17:03+00:00","dateModified":"2026-09-02T09:17:04+00:00","mainEntityOfPage":{"@id":"https:\/\/www.grimec.com\/ca\/actualitat\/recull-de-premsa-2-de-setembre-2026\/"},"wordCount":340,"commentCount":0,"publisher":{"@id":"https:\/\/www.grimec.com\/ca\/#organization"},"image":{"@id":"https:\/\/www.grimec.com\/ca\/actualitat\/recull-de-premsa-2-de-setembre-2026\/#primaryimage"},"thumbnailUrl":"https:\/\/www.grimec.com\/wp-content\/uploads\/2026\/08\/grimec-1.jpg","articleSection":["Actualitat"],"inLanguage":"ca","potentialAction":[{"@type":"CommentAction","name":"Comment","target":["https:\/\/www.grimec.com\/ca\/actualitat\/recull-de-premsa-2-de-setembre-2026\/#respond"]}]},{"@type":"WebPage","@id":"https:\/\/www.grimec.com\/ca\/actualitat\/recull-de-premsa-2-de-setembre-2026\/","url":"https:\/\/www.grimec.com\/ca\/actualitat\/recull-de-premsa-2-de-setembre-2026\/","name":"Recull de premsa: 2 de setembre 2026 - GRIMEC","isPartOf":{"@id":"https:\/\/www.grimec.com\/ca\/#website"},"primaryImageOfPage":{"@id":"https:\/\/www.grimec.com\/ca\/actualitat\/recull-de-premsa-2-de-setembre-2026\/#primaryimage"},"image":{"@id":"https:\/\/www.grimec.com\/ca\/actualitat\/recull-de-premsa-2-de-setembre-2026\/#primaryimage"},"thumbnailUrl":"https:\/\/www.grimec.com\/wp-content\/uploads\/2026\/08\/grimec-1.jpg","datePublished":"2026-09-02T09:17:03+00:00","dateModified":"2026-09-02T09:17:04+00:00","breadcrumb":{"@id":"https:\/\/www.grimec.com\/ca\/actualitat\/recull-de-premsa-2-de-setembre-2026\/#breadcrumb"},"inLanguage":"ca","potentialAction":[{"@type":"ReadAction","target":["https:\/\/www.grimec.com\/ca\/actualitat\/recull-de-premsa-2-de-setembre-2026\/"]}]},{"@type":"ImageObject","inLanguage":"ca","@id":"https:\/\/www.grimec.com\/ca\/actualitat\/recull-de-premsa-2-de-setembre-2026\/#primaryimage","url":"https:\/\/www.grimec.com\/wp-content\/uploads\/2026\/08\/grimec-1.jpg","contentUrl":"https:\/\/www.grimec.com\/wp-content\/uploads\/2026\/08\/grimec-1.jpg","width":350,"height":233},{"@type":"BreadcrumbList","@id":"https:\/\/www.grimec.com\/ca\/actualitat\/recull-de-premsa-2-de-setembre-2026\/#breadcrumb","itemListElement":[{"@type":"ListItem","position":1,"name":"Inici","item":"https:\/\/www.grimec.com\/ca\/"},{"@type":"ListItem","position":2,"name":"Recull de premsa: 2 de setembre 2026"}]},{"@type":"WebSite","@id":"https:\/\/www.grimec.com\/ca\/#website","url":"https:\/\/www.grimec.com\/ca\/","name":"GRIMEC","description":"Gremio de instaladores y mantenedores de extintores y sistemas contra incendios de Catalu\u00f1a","publisher":{"@id":"https:\/\/www.grimec.com\/ca\/#organization"},"potentialAction":[{"@type":"SearchAction","target":{"@type":"EntryPoint","urlTemplate":"https:\/\/www.grimec.com\/ca\/?s={search_term_string}"},"query-input":{"@type":"PropertyValueSpecification","valueRequired":true,"valueName":"search_term_string"}}],"inLanguage":"ca"},{"@type":"Organization","@id":"https:\/\/www.grimec.com\/ca\/#organization","name":"Grimec","url":"https:\/\/www.grimec.com\/ca\/","logo":{"@type":"ImageObject","inLanguage":"ca","@id":"https:\/\/www.grimec.com\/ca\/#\/schema\/logo\/image\/","url":"https:\/\/www.grimec.com\/wp-content\/uploads\/2026\/05\/logo-grimec.svg","contentUrl":"https:\/\/www.grimec.com\/wp-content\/uploads\/2026\/05\/logo-grimec.svg","width":214,"height":71,"caption":"Grimec"},"image":{"@id":"https:\/\/www.grimec.com\/ca\/#\/schema\/logo\/image\/"}},{"@type":"Person","@id":"https:\/\/www.grimec.com\/ca\/#\/schema\/person\/75cb90242e61622e0c5f2c35d0cb1568","name":"LidiaGrimec","image":{"@type":"ImageObject","inLanguage":"ca","@id":"https:\/\/secure.gravatar.com\/avatar\/47d34d768b778863dff6c64aa1954d2ade40db0aa951193a5d783f6fa27aa5cb?s=96&d=mm&r=g","url":"https:\/\/secure.gravatar.com\/avatar\/47d34d768b778863dff6c64aa1954d2ade40db0aa951193a5d783f6fa27aa5cb?s=96&d=mm&r=g","contentUrl":"https:\/\/secure.gravatar.com\/avatar\/47d34d768b778863dff6c64aa1954d2ade40db0aa951193a5d783f6fa27aa5cb?s=96&d=mm&r=g","caption":"LidiaGrimec"},"sameAs":["https:\/\/x.com\/admingrimec"]}]}},"_links":{"self":[{"href":"https:\/\/www.grimec.com\/ca\/wp-json\/wp\/v2\/posts\/4868","targetHints":{"allow":["GET"]}}],"collection":[{"href":"https:\/\/www.grimec.com\/ca\/wp-json\/wp\/v2\/posts"}],"about":[{"href":"https:\/\/www.grimec.com\/ca\/wp-json\/wp\/v2\/types\/post"}],"author":[{"embeddable":true,"href":"https:\/\/www.grimec.com\/ca\/wp-json\/wp\/v2\/users\/3"}],"replies":[{"embeddable":true,"href":"https:\/\/www.grimec.com\/ca\/wp-json\/wp\/v2\/comments?post=4868"}],"version-history":[{"count":1,"href":"https:\/\/www.grimec.com\/ca\/wp-json\/wp\/v2\/posts\/4868\/revisions"}],"predecessor-version":[{"id":4869,"href":"https:\/\/www.grimec.com\/ca\/wp-json\/wp\/v2\/posts\/4868\/revisions\/4869"}],"wp:featuredmedia":[{"embeddable":true,"href":"https:\/\/www.grimec.com\/ca\/wp-json\/wp\/v2\/media\/4848"}],"wp:attachment":[{"href":"https:\/\/www.grimec.com\/ca\/wp-json\/wp\/v2\/media?parent=4868"}],"wp:term":[{"taxonomy":"category","embeddable":true,"href":"https:\/\/www.grimec.com\/ca\/wp-json\/wp\/v2\/categories?post=4868"},{"taxonomy":"post_tag","embeddable":true,"href":"https:\/\/www.grimec.com\/ca\/wp-json\/wp\/v2\/tags?post=4868"}],"curies":[{"name":"wp","href":"https:\/\/api.w.org\/{rel}","templated":true}]}}